{"id":145,"date":"2021-07-28T10:51:48","date_gmt":"2021-07-28T08:51:48","guid":{"rendered":"https:\/\/internacionalizacionsue.umh.es\/?p=145"},"modified":"2021-11-25T09:41:10","modified_gmt":"2021-11-25T08:41:10","slug":"la-umh-acogera-las-iii-jornadas-de-promocion-internacional-del-sistema-universitario-espanol-sue","status":"publish","type":"post","link":"https:\/\/internacionalizacionsue.umh.es\/en\/2021\/07\/28\/la-umh-acogera-las-iii-jornadas-de-promocion-internacional-del-sistema-universitario-espanol-sue\/","title":{"rendered":"The UMH welcome the III Conference on International Promotion of the Spanish University System SUE"},"content":{"rendered":"<p>[et_pb_section fb_built=&#8221;1&#8243; _builder_version=&#8221;3.22&#8243;][et_pb_row _builder_version=&#8221;3.25&#8243; background_size=&#8221;initial&#8221; background_position=&#8221;top_left&#8221; background_repeat=&#8221;repeat&#8221;][et_pb_column type=&#8221;4_4&#8243; _builder_version=&#8221;3.25&#8243; custom_padding=&#8221;|||&#8221; custom_padding__hover=&#8221;|||&#8221;][et_pb_text _builder_version=&#8221;3.27.4&#8243; background_size=&#8221;initial&#8221; background_position=&#8221;top_left&#8221; background_repeat=&#8221;repeat&#8221;]<\/p>\n<p style=\"text-align: justify\"><img loading=\"lazy\" class=\" wp-image-148 alignleft\" src=\"https:\/\/internacionalizacionsue.umh.es\/files\/2021\/07\/Publicaciones-Instagram-9-1024x1024.png\" alt=\"Cartel III Jornadas de Promoci\u00f3n Internacional del Sistema Universitario Espa\u00f1ol (SUE)\" title=\"La UMH y la CRUE organizan las III Jornadas de Promoci\u00f3n Internacional del Sistema Universitario Espa\u00f1ol (SUE)\" width=\"278\" height=\"278\" \/>La Universidad Miguel Hern\u00e1ndez (UMH) de Elche ser\u00e1 la anfitriona de las III Jornadas sobre Promoci\u00f3n Internacional del Sistema Universitario Espa\u00f1ol (SUE) durante los d\u00edas 25 y 26 de noviembre, organizadas por la sectorial CRUE Internacionalizaci\u00f3n y Cooperaci\u00f3n.<\/p>\n<p><!--more--><\/p>\n<p style=\"text-align: justify\">Las jornadas tendr\u00e1n lugar en el sal\u00f3n de actos del edificio de Rectorado. Durante el d\u00eda 25 se celebrar\u00e1 la reuni\u00f3n anual de trabajo del subgrupo de promoci\u00f3n internacional de la CRUE de internacionalizaci\u00f3n y cooperaci\u00f3n. Adem\u00e1s, a lo largo del d\u00eda 26, la UMH acoger\u00e1 los debates y encuentros en cuanto a <a href=\"https:\/\/internacionalizacionsue.umh.es\/programa\/\" title=\"Conoce ahora el Programa del evento\">cuatro bloques tem\u00e1ticos relacionados con la promoci\u00f3n internacional del Sistema Universitario Espa\u00f1ol, SUE<\/a> en un momento clave debido a las repercusiones del Covid-19.<\/p>\n<p style=\"text-align: justify\">En estas jornadas, con una clara vertiente internacional, participar\u00e1n aproximadamente 70 expertos provenientes de universidades espa\u00f1olas y extranjeras y se contar\u00e1 con invitados provenientes de pa\u00edses de la UE y otros continentes. De este modo, el evento conforma una de las reuniones principales en materia de promoci\u00f3n internacional de universidades espa\u00f1olas. Las \u00faltimas jornadas tuvieron lugar en la Universidad de A Coru\u00f1a, en ellas la UMH adquiri\u00f3 el compromiso de tomar el relevo en 2020 como anfitriona, pero finalmente no se pudo realizar debido a la pandemia. Este a\u00f1o mantiene el compromiso de realizarlas con una organizaci\u00f3n presencial, aunque tambi\u00e9n se emitir\u00e1 en streaming a trav\u00e9s de las redes de la universidad.<\/p>\n<p style=\"text-align: justify\">Forman parte del comit\u00e9 organizador de estas terceras jornadas los profesores Reyes Alejano, de la Universidad de Huelva; Tom\u00e1s Lorenzana, de la Universidad de Almer\u00eda; Pilar Garc\u00eda de la Torre, de la Universidad de A Coru\u00f1a y Sebasti\u00e1n Bruque, de la Universidad de Ja\u00e9n. Adem\u00e1s. En cuanto a la representaci\u00f3n de la Universidad Miguel Hern\u00e1ndez, contaremos con la participaci\u00f3n del Vicerrector de Relaciones Internacionales, Vicente Micol, el Vicerrector Adjunto de Relaciones Internacionales para la Proyecci\u00f3n Internacional de la UMH, Jos\u00e9 Luis Gonz\u00e1lez, y la directora del <a href=\"https:\/\/internacional.umh.es\" rel=\"noopener noreferrer\" title=\"Lo ver\u00e1s en una nueva ventana\" target=\"_blank\">Servicio de Relaciones Internacionales, Cooperaci\u00f3n al Desarrollo y Voluntariado de la Universidad Miguel Hern\u00e1ndez (UMH)<\/a>, Inma Blaya.<\/p>\n<p><img loading=\"lazy\" class=\"aligncenter wp-image-127\" src=\"https:\/\/internacionalizacionsue.umh.es\/files\/2021\/07\/banner-organizadores.jpg\" alt=\"Logos UMH y CRUE\" title=\"La UMH organiza las III Jornadas de Promoci\u00f3n Internacional del Sistema Universitario Espa\u00f1ol SUE en las que participa la CRUE\" width=\"827\" height=\"167\" \/><br \/>\n[\/et_pb_text][\/et_pb_column][\/et_pb_row][\/et_pb_section]<\/p>\n","protected":false},"excerpt":{"rendered":"<p>La Universidad Miguel Hern\u00e1ndez (UMH) de Elche ser\u00e1 la anfitriona de las III Jornadas sobre Promoci\u00f3n Internacional del Sistema Universitario Espa\u00f1ol (SUE) durante los d\u00edas 25 y 26 de noviembre, organizadas por la sectorial CRUE Internacionalizaci\u00f3n y Cooperaci\u00f3n. Las jornadas tendr\u00e1n lugar en el sal\u00f3n de actos del edificio de Rectorado. Durante el d\u00eda 25 [&hellip;]<\/p>\n","protected":false},"author":5216,"featured_media":0,"comment_status":"closed","ping_status":"open","sticky":false,"template":"","format":"standard","meta":{"_et_pb_use_builder":"on","_et_pb_old_content":"<span data-mce-type=\"bookmark\" style=\"width: 0px;overflow: hidden;line-height: 0\" class=\"mce_SELRES_start\">\ufeff<\/span><!--more--><img src=\"https:\/\/internacionalizacionsue.umh.es\/files\/2021\/07\/banner-organizadores.jpg\" alt=\"Logos UMH y CRUE\" width=\"827\" height=\"167\" class=\"aligncenter size-full wp-image-396\" \/>","_et_gb_content_width":"","_links_to":"","_links_to_target":""},"categories":[635],"tags":[47602,347652,347646,145364,347655,159],"_links":{"self":[{"href":"https:\/\/internacionalizacionsue.umh.es\/en\/wp-json\/wp\/v2\/posts\/145"}],"collection":[{"href":"https:\/\/internacionalizacionsue.umh.es\/en\/wp-json\/wp\/v2\/posts"}],"about":[{"href":"https:\/\/internacionalizacionsue.umh.es\/en\/wp-json\/wp\/v2\/types\/post"}],"author":[{"embeddable":true,"href":"https:\/\/internacionalizacionsue.umh.es\/en\/wp-json\/wp\/v2\/users\/5216"}],"replies":[{"embeddable":true,"href":"https:\/\/internacionalizacionsue.umh.es\/en\/wp-json\/wp\/v2\/comments?post=145"}],"version-history":[{"count":0,"href":"https:\/\/internacionalizacionsue.umh.es\/en\/wp-json\/wp\/v2\/posts\/145\/revisions"}],"wp:attachment":[{"href":"https:\/\/internacionalizacionsue.umh.es\/en\/wp-json\/wp\/v2\/media?parent=145"}],"wp:term":[{"taxonomy":"category","embeddable":true,"href":"https:\/\/internacionalizacionsue.umh.es\/en\/wp-json\/wp\/v2\/categories?post=145"},{"taxonomy":"post_tag","embeddable":true,"href":"https:\/\/internacionalizacionsue.umh.es\/en\/wp-json\/wp\/v2\/tags?post=145"}],"curies":[{"name":"wp","href":"https:\/\/api.w.org\/{rel}","templated":true}]}}